{"id":4254,"date":"2021-05-05T13:45:00","date_gmt":"2021-05-05T11:45:00","guid":{"rendered":"https:\/\/kay-international.de\/?p=4254"},"modified":"2022-03-14T07:49:10","modified_gmt":"2022-03-14T06:49:10","slug":"nachhilfe-fuer-kinder-schueler","status":"publish","type":"post","link":"https:\/\/kay-international.de\/en\/nachhilfe-fuer-kinder-schueler","title":{"rendered":"Nachhilfe f\u00fcr Kinder &#038; Sch\u00fcler"},"content":{"rendered":"\n<p>Wir bieten<strong>&nbsp;Nachhilfe<\/strong>&nbsp;in kleinen Gruppen oder im Einzelunterricht&nbsp; f\u00fcr Kinder ab dem Vorschulalter, f\u00fcr Grundsch\u00fcler und f\u00fcr Sch\u00fcler aller Jahrgangsstufen bis zum Abitur an.<\/p>\n\n\n\n<p>Unser Kursprogramm:<br>\u2013<strong>Englisch<\/strong><br>\u2013<strong>Franz\u00f6sisch<\/strong><br>\u2013<strong>Spanisch<\/strong><br>\u2013<strong>Deutsch<\/strong><\/p>\n\n\n\n<p>   <\/p>\n\n\n\n<p>In den Gruppekurse werden die Unterrichtsinhalte der jeweiligen Jahrgangsstufe wiederholt und vertieft. Im Unterricht werden die sprachlichen und schriftlichen F\u00e4higkeiten ausgebaut.<br>Unser Ziel ist es, die&nbsp;<strong>Sprachkenntnisse zu Verbessern<\/strong>&nbsp;und einen qualitativen und leicht verst\u00e4ndlichen&nbsp;<strong>Sprachunterricht<\/strong>&nbsp;f\u00fcr maximale Ergebnisse auf die Sch\u00fcler abzustimmen. Unsere&nbsp;<strong>Sprachkurse<\/strong>&nbsp;decken alle relevanten Bereiche ab und k\u00f6nnen individuell gestaltet werden. F\u00fcr jeden haben wir die passenden&nbsp;<strong>Sprachkurse f\u00fcr Sch\u00fcler und Kinder.<br><\/strong>Unsere&nbsp;<strong>Sprachlehrer<\/strong>&nbsp;stehen jederzeit unterst\u00fctzend zur Seite. Sie beantworten gerne alle Fragen und unterst\u00fctzen ein&nbsp;<strong>einfaches Sprachen Lernen.<\/strong><\/p>\n\n\n\n<p>Es gibt verschiedene&nbsp;<strong>Sprachkurse,<\/strong>&nbsp;die besonders gefragt sind. Speziell f\u00fcr Pr\u00fcfungen kann eine individuelle&nbsp;<strong>Pr\u00fcfungsvorbereitung<\/strong>&nbsp;erfolgen oder die gro\u00dfe&nbsp;<strong>Abiturvorbereitung.&nbsp;<\/strong>Nach der Schulzeit bieten wir speziellen&nbsp;<strong>Sprachunterricht f\u00fcr Studenten<\/strong>&nbsp;an.<\/p>\n\n\n\n<p>Doch das&nbsp;<strong>Fremdsprachen Lernen<\/strong>&nbsp;kann auch w\u00e4hrend der Schulzeit wunderbar mit&nbsp;<strong>Sprachferien<\/strong>&nbsp;und&nbsp;<strong>Sprachaufenthalt<\/strong>&nbsp;f\u00fcr maximale Ergebnisse erfolgen. Das&nbsp;<strong>Ferienprogramm<\/strong>&nbsp;ist sehr erfolgreich und bietet Lernen mit hohem Spa\u00dffaktor, wobei das gelernte direkt vor Ort angewendet werden kann.<\/p>\n\n\n\n<p>Auf Wunsch ist eine individuelle Einzelf\u00f6rderung m\u00f6glich. Der Unterricht wird nach dem individuellen Bed\u00fcrfnissen des Sch\u00fclers geplant und durchgef\u00fchrt.<\/p>\n\n\n\n<p>Wir beraten Sie gerne und bieten Ihnen nach Absprache einen Probetermin an.<\/p>\n","protected":false},"excerpt":{"rendered":"<p>Wir bieten&nbsp;Nachhilfe&nbsp;in kleinen Gruppen oder im Einzelunterricht&nbsp; f\u00fcr Kinder ab dem Vorschulalter, f\u00fcr Grundsch\u00fcler und f\u00fcr Sch\u00fcler aller Jahrgangsstufen bis zum Abitur an. Unser Kursprogramm:\u2013Englisch\u2013Franz\u00f6sisch\u2013Spanisch\u2013Deutsch In den Gruppekurse werden die Unterrichtsinhalte der jeweiligen Jahrgangsstufe wiederholt und vertieft. Im Unterricht werden die sprachlichen und schriftlichen F\u00e4higkeiten ausgebaut.Unser Ziel ist es, die&nbsp;Sprachkenntnisse zu Verbessern&nbsp;und einen qualitativen und [&hellip;]<\/p>\n","protected":false},"author":1,"featured_media":4255,"comment_status":"open","ping_status":"open","sticky":false,"template":"","format":"standard","meta":{"_acf_changed":false,"footnotes":""},"categories":[49],"tags":[],"class_list":["post-4254","post","type-post","status-publish","format-standard","has-post-thumbnail","hentry","category-sprachschule"],"acf":[],"_links":{"self":[{"href":"https:\/\/kay-international.de\/en\/wp-json\/wp\/v2\/posts\/4254","targetHints":{"allow":["GET"]}}],"collection":[{"href":"https:\/\/kay-international.de\/en\/wp-json\/wp\/v2\/posts"}],"about":[{"href":"https:\/\/kay-international.de\/en\/wp-json\/wp\/v2\/types\/post"}],"author":[{"embeddable":true,"href":"https:\/\/kay-international.de\/en\/wp-json\/wp\/v2\/users\/1"}],"replies":[{"embeddable":true,"href":"https:\/\/kay-international.de\/en\/wp-json\/wp\/v2\/comments?post=4254"}],"version-history":[{"count":0,"href":"https:\/\/kay-international.de\/en\/wp-json\/wp\/v2\/posts\/4254\/revisions"}],"wp:featuredmedia":[{"embeddable":true,"href":"https:\/\/kay-international.de\/en\/wp-json\/wp\/v2\/media\/4255"}],"wp:attachment":[{"href":"https:\/\/kay-international.de\/en\/wp-json\/wp\/v2\/media?parent=4254"}],"wp:term":[{"taxonomy":"category","embeddable":true,"href":"https:\/\/kay-international.de\/en\/wp-json\/wp\/v2\/categories?post=4254"},{"taxonomy":"post_tag","embeddable":true,"href":"https:\/\/kay-international.de\/en\/wp-json\/wp\/v2\/tags?post=4254"}],"curies":[{"name":"wp","href":"https:\/\/api.w.org\/{rel}","templated":true}]}}